{"id":27418,"date":"2025-01-31T15:57:32","date_gmt":"2025-01-31T15:57:32","guid":{"rendered":"https:\/\/ibercenter.com\/?p=27418"},"modified":"2025-01-31T15:57:32","modified_gmt":"2025-01-31T15:57:32","slug":"8-conseils-cles-pour-louer-une-salle-de-reunion-a-madrid-2","status":"publish","type":"post","link":"https:\/\/ibercenter.com\/fr\/8-conseils-cles-pour-louer-une-salle-de-reunion-a-madrid-2\/","title":{"rendered":"8 conseils cl\u00e9s pour louer une salle de r\u00e9union \u00e0 Madrid"},"content":{"rendered":"\n<p>Dans l\u2019environnement d\u2019entreprise d\u2019aujourd\u2019hui, les r\u00e9unions en face \u00e0 face continuent d\u2019\u00eatre un outil essentiel pour prendre des d\u00e9cisions, conclure des affaires ou favoriser la collaboration entre les \u00e9quipes. Cependant, choisir un espace appropri\u00e9 peut faire la diff\u00e9rence entre le succ\u00e8s et une rencontre malheureuse et improductive.<\/p>\n\n\n\n<p>Chez <a href=\"https:\/\/ibercenter.com\/fr\/\">Ibercenter<\/a>, avec nos trois emplacements strat\u00e9giques \u00e0 Madrid : Azca, Vel\u00e1zquez et Gran V\u00eda, nous savons qu\u2019il est crucial de trouver la <a href=\"https:\/\/ibercenter.com\/fr\/services\/location-de-salles\/salles-de-reunion-a-madrid\/\">salle de r\u00e9union<\/a> parfaite.<\/p>\n\n\n\n<p>Voici une liste d\u2019\u00e9l\u00e9ments cl\u00e9s \u00e0 prendre en compte lors de la recherche et de la location d\u2019une salle de r\u00e9union.<\/p>\n\n\n\n<h2 class=\"wp-block-heading\">1. Emplacement accessible<\/h2>\n\n\n\n<p>L\u2019emplacement est l\u2019un des facteurs les plus importants \u00e0 prendre en compte. Il est essentiel d\u2019opter pour des espaces bien desservis, soit par les transports en commun, soit avec un parking facile s\u2019il est priv\u00e9. Madrid est une ville o\u00f9 la circulation est souvent dense, donc choisir un lieu central peut faciliter l\u2019arriv\u00e9e des participants et am\u00e9liorer la ponctualit\u00e9. Chez Ibercenter, nos bureaux sont situ\u00e9s dans des points strat\u00e9giques de Madrid (Azca, Gran V\u00eda et le quartier de Vel\u00e1zquez) et sont enti\u00e8rement con\u00e7us pour offrir confort et facilit\u00e9 d\u2019acc\u00e8s.<\/p>\n\n\n\n<h2 class=\"wp-block-heading\">2. Capacit\u00e9 d\u2019espace et configuration<\/h2>\n\n\n\n<p>Avant de r\u00e9server, vous devez d\u00e9finir le nombre de participants et vous assurer que l\u2019espace peut \u00eatre adapt\u00e9 aux besoins de votre r\u00e9union et de votre groupe. Certaines r\u00e9unions n\u00e9cessitent une disposition imp\u00e9riale, tandis que d\u2019autres peuvent n\u00e9cessiter des tables en forme de U, telles que :<\/p>\n\n\n\n<figure class=\"wp-block-image aligncenter size-full\"><img decoding=\"async\" src=\"https:\/\/ibercenter.com\/wp-content\/uploads\/2025\/09\/salas-de-reunion-1.png\" alt=\"\" class=\"wp-image-27118\"\/><\/figure>\n\n\n\n<p>Assurez-vous que la salle est suffisamment grande pour \u00e9viter l\u2019inconfort, vous devez tenir compte de la surface de la salle, si votre r\u00e9union est pour 12 personnes, la salle doit mesurer entre 23 et 30 m\u00e8tres carr\u00e9s, bien que cela d\u00e9pende toujours, comme nous l\u2019avons d\u00e9j\u00e0 soulign\u00e9 ci-dessus, du type de configuration de mobilier dont vous avez besoin et si vous souhaitez offrir une pause-caf\u00e9 ou un traiteur dans la m\u00eame salle.<\/p>\n\n\n\n<p>La location de salle de r\u00e9union \u00e0 Madrid doit vous offrir une flexibilit\u00e9 en termes de type de mobilier, vous donnant la possibilit\u00e9 de personnaliser l\u2019espace en fonction de la nature de votre r\u00e9union. Cela va des petites r\u00e9unions aux grandes pr\u00e9sentations d\u2019entreprise.<\/p>\n\n\n\n<h2 class=\"wp-block-heading\">3. Technologie et \u00e9quipement<\/h2>\n\n\n\n<p>Une salle de r\u00e9union bien \u00e9quip\u00e9e doit disposer d\u2019outils technologiques modernes, tels que :<\/p>\n\n\n\n<p>\u2022 Projecteurs ou \u00e9crans haute r\u00e9solution.<br><br>\u2022 Connexion Wi-Fi rapide et stable.<br><br>\u2022 Syst\u00e8mes de vid\u00e9oconf\u00e9rence pour se connecter avec les participants \u00e0 distance.<\/p>\n\n\n\n<p>\u2022 Tableaux blancs ou tableaux \u00e0 feuilles mobiles.<\/p>\n\n\n\n<p>Chez Ibercenter, nos salles sont enti\u00e8rement \u00e9quip\u00e9es d\u2019une technologie de pointe pour garantir l\u2019agilit\u00e9 et l\u2019efficacit\u00e9 de vos r\u00e9unions. La location de salle de r\u00e9union \u00e0 Madrid avec Ibercenter vous assure d\u2019avoir acc\u00e8s \u00e0 un \u00e9quipement moderne et \u00e0 une assistance en cas de besoin. Nos salles sont dot\u00e9es d\u2019une technologie de pointe, notamment de projecteurs, d\u2019\u00e9crans tactiles, de syst\u00e8mes de son, de vid\u00e9oconf\u00e9rence et de Wi-Fi haut d\u00e9bit, en plus d\u2019avoir plus de 25 ans d\u2019exp\u00e9rience dans la prise en charge de tous les types d\u2019\u00e9v\u00e9nements.<\/p>\n\n\n\n<h2 class=\"wp-block-heading\">4. Environnement et confort<\/h2>\n\n\n\n<p>L\u2019environnement influence directement la productivit\u00e9 et l\u2019orientation d\u2019une r\u00e9union. Une salle lumineuse, bien ventil\u00e9e et meubl\u00e9e de mani\u00e8re ergonomique garantit une exp\u00e9rience agr\u00e9able \u00e0 tous les participants. Il est \u00e9galement conseill\u00e9 de v\u00e9rifier si l\u2019espace dispose d\u2019options de climatisation et s\u2019il y a un acc\u00e8s aux espaces communs pour les pauses.<\/p>\n\n\n\n<p>Lorsque vous recherchez une location de salle de r\u00e9union \u00e0 Madrid, vous devez \u00e9galement tenir compte de la conception de l\u2019espace. \u00c0 l\u2019Ibercenter, nos salles allient modernit\u00e9 et fonctionnalit\u00e9 pour offrir une atmosph\u00e8re professionnelle et accueillante, et nous disposons \u00e9galement d\u2019espaces o\u00f9 les participants peuvent faire une pause et se d\u00e9tendre un peu.<\/p>\n\n\n\n<figure class=\"wp-block-image aligncenter size-large\"><img fetchpriority=\"high\" decoding=\"async\" width=\"1024\" height=\"576\" src=\"https:\/\/ibercenter.com\/wp-content\/uploads\/2025\/09\/meeting-point-new-1-scaled-1-1024x576.jpg\" alt=\"\" class=\"wp-image-27086\"\/><\/figure>\n\n\n\n<h2 class=\"wp-block-heading\">5. Services suppl\u00e9mentaires<\/h2>\n\n\n\n<p>Une pause-repas ou une pause-caf\u00e9 peut am\u00e9liorer consid\u00e9rablement l\u2019exp\u00e9rience d\u2019une r\u00e9union prolong\u00e9e. De plus, la possibilit\u00e9 d\u2019avoir du personnel d\u2019appui \u00e0 l\u2019accueil ou une assistance technique peut \u00eatre un atout pr\u00e9cieux.<\/p>\n\n\n\n<p>Dans nos centres Ibercenter, la location de salles de r\u00e9union \u00e0 Madrid, entre autres concepts, comprend \u00e9galement l\u2019assistance et l\u2019accueil des participants, ainsi que de multiples services suppl\u00e9mentaires que vous pouvez engager pour couvrir tous vos besoins : pr\u00e9paration des pauses caf\u00e9 et\/ou de la restauration, photocopies, num\u00e9risation, etc.<\/p>\n\n\n\n<p>D\u2019autre part, si vous avez besoin de services de secr\u00e9tariat ou de reprographie, vous pouvez en faire la demande aupr\u00e8s de notre personnel.<\/p>\n\n\n\n<h2 class=\"wp-block-heading\">6. Flexibilit\u00e9 dans les horaires<\/h2>\n\n\n\n<p>Chaque rencontre a ses particularit\u00e9s. C\u2019est pourquoi il est important de s\u2019assurer que la salle offre une flexibilit\u00e9 dans les horaires pour s\u2019adapter aux \u00e9v\u00e9nements impr\u00e9vus ou aux r\u00e9unions de derni\u00e8re minute. La possibilit\u00e9 de louer \u00e0 l\u2019heure ou \u00e0 la journ\u00e9e donne une plus grande libert\u00e9 aux organisateurs.<\/p>\n\n\n\n<p>\u00c0 Madrid, le rythme des affaires peut \u00eatre impr\u00e9visible. C\u2019est pourquoi il est essentiel de choisir un espace qui vous permet de vous adapter aux changements de derni\u00e8re minute. Ibercenter est sp\u00e9cialis\u00e9 dans la location de salles de r\u00e9union \u00e0 Madrid avec des horaires flexibles et simples, que ce soit \u00e0 l\u2019heure (minimum 2 heures), \u00e0 la demi- journ\u00e9e ou \u00e0 temps plein, \u00e0 la journ\u00e9e, \u00e0 la semaine ou au mois, m\u00eame les week-ends ou les jours f\u00e9ri\u00e9s.<\/p>\n\n\n\n<h2 class=\"wp-block-heading\">7. Prix et conditions de location<\/h2>\n\n\n\n<p>Enfin, le budget est toujours un facteur cl\u00e9. Avant de r\u00e9server, comparez les options et v\u00e9rifiez quels services sont inclus dans le prix. Assurez-vous qu\u2019il n\u2019y a pas de frais cach\u00e9s et que les conditions d\u2019annulation sont claires et \u00e9quitables.<\/p>\n\n\n\n<p>Le prix de la location d\u2019une salle de r\u00e9union \u00e0 Madrid peut varier en fonction de l\u2019emplacement, de l\u2019\u00e9quipement et des services inclus.<\/p>\n\n\n\n<p>Chez Ibercenter, nous sommes connus pour offrir des tarifs transparents et comp\u00e9titifs qui s\u2019adaptent aux besoins de chaque client. Nous proposons \u00e9galement des tarifs sp\u00e9ciaux pour les entreprises et pour les clients qui choisissent notre centre d\u2019affaires de mani\u00e8re r\u00e9currente pour leurs \u00e9v\u00e9nements.<\/p>\n\n\n\n\n\n<h2 class=\"wp-block-heading\">8. Impact sur l\u2019image de l\u2019entreprise<\/h2>\n\n\n\n<p>Lorsque vous invitez des partenaires, des clients ou des investisseurs \u00e0 une r\u00e9union, l\u2019espace o\u00f9 vous les recevez en dit long sur votre entreprise. Un lieu moderne, bien entretenu et professionnel peut faire une excellente premi\u00e8re impression et renforcer l\u2019image de votre entreprise.<\/p>\n\n\n\n<p>La location de salles de r\u00e9union \u00e0 Madrid chez Ibercenter garantit des espaces qui projettent le professionnalisme et le soin dans les moindres d\u00e9tails. De la d\u00e9coration au traitement re\u00e7u par le personnel, tout est con\u00e7u pour transmettre confiance et qualit\u00e9.<\/p>\n\n\n\n<h2 class=\"wp-block-heading\">Conclusion<\/h2>\n\n\n\n<p>Chez Ibercenter, nous sommes sp\u00e9cialis\u00e9s dans l\u2019offre d\u2019espaces adapt\u00e9s aux besoins des entreprises et des professionnels. <a href=\"https:\/\/ibercenter.com\/fr\/services\/location-de-salles\/salles-de-reunion-a-madrid\/\">Nos salles de r\u00e9union \u00e0 Madrid<\/a> combinent des emplacements privil\u00e9gi\u00e9s, une technologie moderne et un service personnalis\u00e9 qui garantit le succ\u00e8s de tout \u00e9v\u00e9nement d\u2019entreprise.<\/p>\n\n\n\n<p>La location de salles de r\u00e9union \u00e0 Madrid ne doit pas \u00eatre une t\u00e2che compliqu\u00e9e. Gr\u00e2ce \u00e0 nos solutions, vous pouvez vous concentrer sur ce qui compte vraiment : le succ\u00e8s de votre r\u00e9union ou de votre \u00e9v\u00e9nement.<\/p>\n\n\n\n<p>Si vous \u00eates \u00e0 la recherche du lieu id\u00e9al pour votre prochaine r\u00e9union, n\u2019h\u00e9sitez pas \u00e0 nous contacter. Nous sommes l\u00e0 pour vous aider \u00e0 faire de chaque rencontre un succ\u00e8s.<\/p>\n\n\n\n<p>Nous proposons une large gamme de salles, des espaces intimes parfaits pour les petites r\u00e9unions, aux salles de conf\u00e9rence pour les grands \u00e9v\u00e9nements. Chaque salles est con\u00e7ue dans un souci de confort et de productivit\u00e9. &nbsp;Avec plus de deux d\u00e9cennies d\u2019exp\u00e9rience, Ibercenter se positionne comme l\u2019une des meilleures options pour la location de salles de r\u00e9union \u00e0 Madrid.<\/p>\n\n\n\n<p>Nos installations sont con\u00e7ues pour r\u00e9pondre aux exigences d\u2019un march\u00e9 professionnel en constante \u00e9volution, offrant des solutions pratiques, flexibles et d\u2019une qualit\u00e9 in\u00e9gal\u00e9e. &nbsp;Nous vous invitons \u00e0 visiter les diff\u00e9rents centres d\u2019affaires de notre service de location de bureaux \u00e0 Madrid pour faire connaissance avec nos salles et discuter de vos besoins en personne.<\/p>\n","protected":false},"excerpt":{"rendered":"<p>Dans l\u2019environnement d\u2019entreprise d\u2019aujourd\u2019hui, les r\u00e9unions en face \u00e0 face continuent d\u2019\u00eatre un outil essentiel pour prendre des d\u00e9cisions, conclure [&hellip;]<\/p>\n","protected":false},"author":2,"featured_media":27121,"comment_status":"open","ping_status":"closed","sticky":false,"template":"","format":"standard","meta":{"site-sidebar-layout":"default","site-content-layout":"","ast-site-content-layout":"default","site-content-style":"default","site-sidebar-style":"default","ast-global-header-display":"","ast-banner-title-visibility":"","ast-main-header-display":"","ast-hfb-above-header-display":"","ast-hfb-below-header-display":"","ast-hfb-mobile-header-display":"","site-post-title":"","ast-breadcrumbs-content":"","ast-featured-img":"","footer-sml-layout":"","ast-disable-related-posts":"","theme-transparent-header-meta":"","adv-header-id-meta":"","stick-header-meta":"","header-above-stick-meta":"","header-main-stick-meta":"","header-below-stick-meta":"","astra-migrate-meta-layouts":"set","ast-page-background-enabled":"default","ast-page-background-meta":{"desktop":{"background-color":"var(--ast-global-color-4)","background-image":"","background-repeat":"repeat","background-position":"center center","background-size":"auto","background-attachment":"scroll","background-type":"","background-media":"","overlay-type":"","overlay-color":"","overlay-opacity":"","overlay-gradient":""},"tablet":{"background-color":"","background-image":"","background-repeat":"repeat","background-position":"center center","background-size":"auto","background-attachment":"scroll","background-type":"","background-media":"","overlay-type":"","overlay-color":"","overlay-opacity":"","overlay-gradient":""},"mobile":{"background-color":"","background-image":"","background-repeat":"repeat","background-position":"center center","background-size":"auto","background-attachment":"scroll","background-type":"","background-media":"","overlay-type":"","overlay-color":"","overlay-opacity":"","overlay-gradient":""}},"ast-content-background-meta":{"desktop":{"background-color":"var(--ast-global-color-5)","background-image":"","background-repeat":"repeat","background-position":"center center","background-size":"auto","background-attachment":"scroll","background-type":"","background-media":"","overlay-type":"","overlay-color":"","overlay-opacity":"","overlay-gradient":""},"tablet":{"background-color":"var(--ast-global-color-5)","background-image":"","background-repeat":"repeat","background-position":"center center","background-size":"auto","background-attachment":"scroll","background-type":"","background-media":"","overlay-type":"","overlay-color":"","overlay-opacity":"","overlay-gradient":""},"mobile":{"background-color":"var(--ast-global-color-5)","background-image":"","background-repeat":"repeat","background-position":"center center","background-size":"auto","background-attachment":"scroll","background-type":"","background-media":"","overlay-type":"","overlay-color":"","overlay-opacity":"","overlay-gradient":""}},"_joinchat":[],"footnotes":""},"categories":[],"tags":[],"class_list":["post-27418","post","type-post","status-publish","format-standard","has-post-thumbnail","hentry"],"_links":{"self":[{"href":"https:\/\/ibercenter.com\/fr\/wp-json\/wp\/v2\/posts\/27418","targetHints":{"allow":["GET"]}}],"collection":[{"href":"https:\/\/ibercenter.com\/fr\/wp-json\/wp\/v2\/posts"}],"about":[{"href":"https:\/\/ibercenter.com\/fr\/wp-json\/wp\/v2\/types\/post"}],"author":[{"embeddable":true,"href":"https:\/\/ibercenter.com\/fr\/wp-json\/wp\/v2\/users\/2"}],"replies":[{"embeddable":true,"href":"https:\/\/ibercenter.com\/fr\/wp-json\/wp\/v2\/comments?post=27418"}],"version-history":[{"count":0,"href":"https:\/\/ibercenter.com\/fr\/wp-json\/wp\/v2\/posts\/27418\/revisions"}],"wp:featuredmedia":[{"embeddable":true,"href":"https:\/\/ibercenter.com\/fr\/wp-json\/wp\/v2\/media\/27121"}],"wp:attachment":[{"href":"https:\/\/ibercenter.com\/fr\/wp-json\/wp\/v2\/media?parent=27418"}],"wp:term":[{"taxonomy":"category","embeddable":true,"href":"https:\/\/ibercenter.com\/fr\/wp-json\/wp\/v2\/categories?post=27418"},{"taxonomy":"post_tag","embeddable":true,"href":"https:\/\/ibercenter.com\/fr\/wp-json\/wp\/v2\/tags?post=27418"}],"curies":[{"name":"wp","href":"https:\/\/api.w.org\/{rel}","templated":true}]}}