{"id":41714,"date":"2026-02-25T13:15:00","date_gmt":"2026-02-25T12:15:00","guid":{"rendered":"https:\/\/ibercenter.com\/?p=41714"},"modified":"2026-03-05T12:28:49","modified_gmt":"2026-03-05T11:28:49","slug":"https-ibercenter-com-zonas-estrategicas-para-ubicar-una-empresa-en-madrid","status":"publish","type":"post","link":"https:\/\/ibercenter.com\/fr\/https-ibercenter-com-zonas-estrategicas-para-ubicar-una-empresa-en-madrid\/","title":{"rendered":"Zones strat\u00e9giques pour implanter une entreprise \u00e0 Madrid"},"content":{"rendered":"\n<h2 class=\"wp-block-heading\">D\u00e9couvrez les zones strat\u00e9giques pour implanter une entreprise \u00e0 Madrid<\/h2>\n\n\n\n<h2 class=\"wp-block-heading\">Que doit comporter une zone strat\u00e9gique ?<\/h2>\n\n\n\n<p>En 2026, choisir l&#8217;emplacement d&rsquo;une entreprise \u00e0 Madrid ne sera plus pas une question d&rsquo;intuition ou de prestige historique. Ce sera une d\u00e9cision bas\u00e9e sur l&rsquo;efficacit\u00e9, le positionnement et la capacit\u00e9 de croissance. Les domaines strat\u00e9giques ne se d\u00e9finissent plus seulement par leur nom, mais par ce qu&rsquo;elles apportent r\u00e9ellement au quotidien de l&rsquo;entrepreneur et \u00e0 la projection de sa marque.<\/p>\n\n\n\n<p>Tout au long de notre exp\u00e9rience chez Ibercenter, en g\u00e9rant des espaces dans diff\u00e9rentes zones cl\u00e9s de la capitale, nous avons constat\u00e9 qu&rsquo;il existe plusieurs facteurs d\u00e9terminants qui rendent en un lieu v\u00e9ritablement strat\u00e9gique, et nous allons les partager avec vous aujourd&rsquo;hui.<\/p>\n\n\n\n<h2 class=\"wp-block-heading\">Connectivit\u00e9 et transport<\/h2>\n\n\n\n<p>La mobilit\u00e9 restera l&rsquo;un des grands crit\u00e8res de d\u00e9cision en 2026. Une entreprise bien situ\u00e9e est celle qui facilite la vie aussi bien \u00e0 son \u00e9quipe qu&rsquo;\u00e0 ses clients.<\/p>\n\n\n\n<p><strong>M\u00e9tro, <\/strong><strong>banlieue (Cercan\u00edas), AVE et a\u00e9roport<\/strong><\/p>\n\n\n\n<p>Madrid poss\u00e8de l&rsquo;un des r\u00e9seaux de transports publics les plus complets d&rsquo;Europe, mais toutes les zones n&rsquo;offrent pas la m\u00eame accessibilit\u00e9. \u00catre \u00e0 proximit\u00e9 de plusieurs lignes de m\u00e9tro, de liaisons de banlieue ou de n\u0153uds strat\u00e9giques comme les gares de haute vitesse (AVE) fait la diff\u00e9rence.<\/p>\n\n\n\n<p>Pour une entreprise qui re\u00e7oit des clients nationaux ou internationaux, la proximit\u00e9 de gares avec une connexion directe \u00e0 l&rsquo;AVE ou \u00e0 l&rsquo;a\u00e9roport r\u00e9duit les temps, am\u00e9liore l&rsquo;exp\u00e9rience du visiteur et transmet un professionnalisme. Il en va de m\u00eame pour les employ\u00e9s r\u00e9sidant dans diff\u00e9rents points de la Communaut\u00e9 : une bonne connexion peut \u00eatre d\u00e9terminante pour attirer et retenir les talents. Aujourd&rsquo;hui plus que jamais, la facilit\u00e9 pour se rendre au bureau influence la productivit\u00e9 et la satisfaction de l&rsquo;\u00e9quipe.<\/p>\n\n\n\n<p><strong>Acc\u00e8s routier et mobilit\u00e9 durable<\/strong><strong><\/strong><\/p>\n\n\n\n<p>En plus des transports en commun, l&rsquo;acc\u00e8s routier reste essentiel. Les zones bien reli\u00e9es au la M-30, la M-40 ou les principales art\u00e8res urbaines permettent des d\u00e9placements agiles et r\u00e9duisent les frictions logistiques.<\/p>\n\n\n\n<p>Mais en 2026, un \u00e9l\u00e9ment suppl\u00e9mentaire s\u2019ajoute : la mobilit\u00e9 durable. Les parkings pour v\u00e9los, les points de recharge pour v\u00e9hicules \u00e9lectriques et la facilit\u00e9 d&rsquo;utilisation des transports alternatifs ne sont plus un bonus ; Ils font partie de l&rsquo;image moderne d&rsquo;une entreprise responsable adapt\u00e9e \u00e0 la nouvelle \u00e9poque.<\/p>\n\n\n\n<p>Les entreprises qui s&rsquo;implantent dans des zones dot\u00e9es d&rsquo;infrastructures adapt\u00e9es \u00e0 l&rsquo;avenir projettent un \u00e9tat d&rsquo;esprit avanc\u00e9.<\/p>\n\n\n\n<p><strong>Impact sur les employ\u00e9s et les clients<\/strong><\/p>\n\n\n\n<p>Un emplacement bien connect\u00e9 ne fait pas que gagner du temps ; il g\u00e9n\u00e8re de r\u00e9els avantages comp\u00e9titifs. Un client qui arrive facilement \u00e0 une r\u00e9union commence l&rsquo;exp\u00e9rience avec une perception positive. Un employ\u00e9 qui met moins de temps \u00e0 se d\u00e9placer b\u00e9n\u00e9ficie d&rsquo;une meilleure qualit\u00e9 de vie et d&rsquo;une fatigue moindre.<\/p>\n\n\n\n<p>D&rsquo;apr\u00e8s notre exp\u00e9rience, la connectivit\u00e9 influence directement l&rsquo;efficacit\u00e9 op\u00e9rationnelle et la culture d&rsquo;entreprise. Et cela, \u00e0 long terme, se traduit par de meilleurs r\u00e9sultats.<\/p>\n\n\n\n<h3 class=\"wp-block-heading\">Environnement professionnel<\/h3>\n\n\n\n<p>Le deuxi\u00e8me grand facteur strat\u00e9gique est l&rsquo;\u00e9cosyst\u00e8me qui entoure l&rsquo;entreprise. Aucun business ne cro\u00eet dans l&rsquo;isolement.<\/p>\n\n\n\n<p><strong>Pr\u00e9sence de grandes <\/strong><strong>compagnies<\/strong><\/p>\n\n\n\n<p>S&rsquo;implanter dans une zone o\u00f9 op\u00e8rent de grandes corporations apporte un prestige imm\u00e9diat. Ce n&rsquo;est pas seulement symbolique, c&rsquo;est une question de contexte. Lorsqu&rsquo;une entreprise partage son environnement avec des multinationales, des entit\u00e9s financi\u00e8res ou des cabinets de conseil de r\u00e9f\u00e9rence, elle b\u00e9n\u00e9ficie d&rsquo;une perception de solidit\u00e9 et de professionnalisme.<\/p>\n\n\n\n<p>De plus, ces zones disposent souvent d&rsquo;infrastructures plus d\u00e9velopp\u00e9es, de meilleurs services et d&rsquo;un plus grand dynamisme \u00e9conomique.<\/p>\n\n\n\n<p><strong>\u00c9cosyst\u00e8me de PME et startups<\/strong><\/p>\n\n\n\n<p>D&rsquo;un autre c\u00f4t\u00e9, les zones qui concentrent PME et startups g\u00e9n\u00e8rent un environnement plus agile et collaboratif. Ce sont des espaces o\u00f9 surgissent des synergies, des collaborations et des opportunit\u00e9s de mani\u00e8re presque naturelle.<\/p>\n\n\n\n<p>Dans les centres d&rsquo;affaires, nous le voyons fr\u00e9quemment : des entreprises qui commencent comme voisines et finissent par devenir clientes ou partenaires strat\u00e9giques. Ce type de networking organique ne peut pas \u00eatre totalement planifi\u00e9, mais il peut \u00eatre favoris\u00e9 en choisissant bien son environnement.<\/p>\n\n\n\n<p><strong>Networking naturel<\/strong><\/p>\n\n\n\n<p>Lorsqu&rsquo;une zone concentre l&rsquo;activit\u00e9 commerciale, le networking cesse d&rsquo;\u00eatre un \u00e9v\u00e9nement ponctuel pour devenir quotidien. Se croiser dans les caf\u00e9t\u00e9rias, dans les salles de r\u00e9union partag\u00e9es ou lors d&rsquo;\u00e9v\u00e9nements professionnels au sein d&rsquo;un m\u00eame b\u00e2timent g\u00e9n\u00e8re des connexions de valeur. L&#8217;emplacement agit alors comme un catalyseur d&rsquo;opportunit\u00e9s.<\/p>\n\n\n\n<h3 class=\"wp-block-heading\">Image et positionnement<\/h3>\n\n\n\n<p>L&rsquo;adresse d&rsquo;une entreprise fait partie de son identit\u00e9. C&rsquo;est l&rsquo;une des premi\u00e8res donn\u00e9es que voit un client, un fournisseur ou un investisseur.<\/p>\n\n\n\n<p>Chaque quartier de Madrid projette une personnalit\u00e9 diff\u00e9rente. Il y a des zones qui transmettent la solidit\u00e9 financi\u00e8re, d&rsquo;autres la modernit\u00e9 et l&rsquo;innovation, d&rsquo;autres encore l&rsquo;exclusivit\u00e9 et le haut niveau. Choisir l&rsquo;une ou l&rsquo;autre implique d&rsquo;associer la marque \u00e0 certaines valeurs. Il ne s&rsquo;agit pas de chercher la zone la plus ch\u00e8re, mais la plus coh\u00e9rente avec le positionnement de l&rsquo;entreprise. L&#8217;emplacement communique, avant m\u00eame la premi\u00e8re r\u00e9union.<\/p>\n\n\n\n<p>Pourquoi parier sur Gran V\u00eda ?<\/p>\n\n\n\n<p>Lorsqu&rsquo;on parle d&#8217;emplacements strat\u00e9giques \u00e0 <a href=\"https:\/\/www.madrid.es\/portales\/munimadrid\/es\/Inicio\/Actualidad\/Noticias\/Madrid-aprueba-el-Plan-contra-la-contaminacion-acustica-tras-haber-logrado-triplicar-el-numero-de-zonas-tranquilas-con-bajos-niveles-de-ruido\/?vgnextfmt=default&amp;vgnextoid=b2ba76133599c910VgnVCM200000f921e388RCRD&amp;vgnextchannel=a12149fa40ec9410VgnVCM100000171f5a0aRCRD\" target=\"_blank\" rel=\"noopener\">Madrid<\/a>, il y a une adresse qui appara\u00eet in\u00e9vitablement dans la conversation : Gran V\u00eda. Et ce n&rsquo;est pas un hasard. Tout au long de notre parcours chez Ibercenter, nous avons constat\u00e9 que pour beaucoup d&rsquo;entreprises, cette avenue repr\u00e9sente bien plus qu&rsquo;un emplacement central ; elle symbolise la visibilit\u00e9, le dynamisme et la projection internationale.<\/p>\n\n\n\n<p>La Gran V\u00eda est, avant tout, une pr\u00e9sence. C&rsquo;est l&rsquo;une des art\u00e8res les plus reconnaissables d&rsquo;Espagne et l&rsquo;un des lieux les plus fr\u00e9quent\u00e9s d&rsquo;Europe. Des milliers de personnes la parcourent quotidiennement : professionnels, touristes, dirigeants, entrepreneurs, investisseurs. Avoir son bureau dans cet environnement ne passe pas inaper\u00e7u. D\u00e8s le premier instant, l&rsquo;adresse g\u00e9n\u00e8re un impact. Lorsqu&rsquo;un client re\u00e7oit une proposition commerciale et voit que l&rsquo;entreprise est situ\u00e9e sur la Gran V\u00eda, la perception change. Il y a une composante aspirationnelle, un sentiment de solidit\u00e9 et d&rsquo;ambition qui marque des points avant m\u00eame la premi\u00e8re r\u00e9union.<\/p>\n\n\n\n<p>Mais au-del\u00e0 de l&rsquo;image, qui est indiscutable, il y a la question pratique. La Gran V\u00eda est la connectivit\u00e9 pure. Plusieurs lignes de m\u00e9tro, proximit\u00e9 de n\u0153uds strat\u00e9giques, acc\u00e8s facile en transports en commun depuis pratiquement n&rsquo;importe quel point de la ville. Pour des \u00e9quipes jeunes, dynamiques et habitu\u00e9es \u00e0 la mobilit\u00e9 urbaine, cela repr\u00e9sente un avantage comp\u00e9titif clair. Et pour les clients nationaux ou internationaux s\u00e9journant dans les h\u00f4tels du centre, le confort de se rendre \u00e0 pied \u00e0 une r\u00e9union est une valeur ajout\u00e9e appr\u00e9ci\u00e9e.<\/p>\n\n\n\n<p>Un autre aspect cl\u00e9 est l&rsquo;environnement professionnel et commercial qui l&rsquo;entoure. La Gran V\u00eda n&rsquo;est pas seulement faite de loisirs et de culture ; c&rsquo;est aussi un point de rencontre professionnel. Entreprises de communication, marketing, cabinets juridiques, consultants, firmes technologiques et soci\u00e9t\u00e9s internationales cohabitent dans la zone. Cet \u00e9cosyst\u00e8me g\u00e9n\u00e8re un mouvement constant d&rsquo;opportunit\u00e9s. Souvent, les synergies ne naissent pas dans une salle de conf\u00e9rence formelle, mais lors d&rsquo;une conversation informelle apr\u00e8s une r\u00e9union ou d&rsquo;une rencontre fortuite dans un b\u00e2timent partag\u00e9.<\/p>\n\n\n\n<p>De plus, l&rsquo;environnement transmet modernit\u00e9 et adaptation. Ces derni\u00e8res ann\u00e9es, la Gran V\u00eda a v\u00e9cu une transformation significative : r\u00e9habilitation de b\u00e2timents historiques, int\u00e9gration d&rsquo;espaces plus efficaces, pi\u00e9tonnisation accrue et pari sur une mobilit\u00e9 plus durable. Tout cela renforce son attractivit\u00e9 pour les entreprises qui veulent projeter une image actuelle, innovante et align\u00e9e sur les nouveaux temps.<\/p>\n\n\n\n<p>C&rsquo;est aussi un emplacement particuli\u00e8rement int\u00e9ressant pour les compagnies ayant une projection internationale. La proximit\u00e9 des institutions, des si\u00e8ges sociaux et des centres n\u00e9vralgiques du centre facilite les r\u00e9unions strat\u00e9giques dans une m\u00eame journ\u00e9e. Lorsqu&rsquo;une entreprise re\u00e7oit des d\u00e9l\u00e9gations \u00e9trang\u00e8res, organiser l&rsquo;agenda dans une zone aussi centrale simplifie la logistique et am\u00e9liore l&rsquo;exp\u00e9rience globale. Dans un environnement de plus en plus comp\u00e9titif, ces d\u00e9tails font la diff\u00e9rence.<\/p>\n\n\n\n<p>D&rsquo;apr\u00e8s notre exp\u00e9rience, la Gran V\u00eda convient particuli\u00e8rement bien aux entreprises qui valorisent la visibilit\u00e9 et le positionnement de marque. Firmes cr\u00e9atives, agences, cabinets professionnels, entreprises technologiques ou soci\u00e9t\u00e9s en phase d&rsquo;expansion y trouvent un environnement coh\u00e9rent avec leur ambition. Ce n&rsquo;est pas une zone neutre ; elle a de la personnalit\u00e9. Et quand l&rsquo;identit\u00e9 de l&rsquo;entreprise se connecte \u00e0 l&rsquo;identit\u00e9 du lieu, le r\u00e9sultat est puissant.<\/p>\n\n\n\n<p>Bien entendu, il ne s&rsquo;agit pas uniquement d&rsquo;image. La Gran V\u00eda offre une infrastructure de services difficile \u00e0 \u00e9galer : restaurants pour d\u00e9jeuners d&rsquo;affaires, h\u00f4tels pour clients internationaux, banques, notaires, espaces culturels et commerciaux. Tout est \u00e0 quelques pas. Cela dynamise le quotidien et permet d&rsquo;optimiser le temps, ce que tout entrepreneur appr\u00e9cie profond\u00e9ment.<\/p>\n\n\n\n<p>Chez Ibercenter, nous disons toujours que l&#8217;emplacement doit accompagner la strat\u00e9gie. La Gran V\u00eda n&rsquo;est pas faite pour toutes les entreprises, mais pour celles qui recherchent visibilit\u00e9, dynamisme et une adresse qui renforce leur positionnement, c&rsquo;est un pari solide. En 2026, elle restera l&rsquo;un des lieux les plus attractifs de Madrid pour ceux qui comprennent que l&rsquo;adresse de leur bureau fait aussi partie de leur discours d&rsquo;entreprise.<\/p>\n\n\n\n<p>Parce qu&rsquo;au final, il ne s&rsquo;agit pas seulement d&rsquo;\u00eatre au centre. Il s&rsquo;agit d&rsquo;\u00eatre au bon endroit pour cro\u00eetre. Et la Gran V\u00eda, quand elle correspond \u00e0 votre projet, peut devenir un v\u00e9ritable acc\u00e9l\u00e9rateur d&rsquo;opportunit\u00e9s.<\/p>\n\n\n\n<p>Se d\u00e9marquer au c\u0153ur financier de la ville<\/p>\n\n\n\n<p>S&rsquo;il y a une zone qui repr\u00e9sente l&rsquo;essence financi\u00e8re et corporative de la capitale, c&rsquo;est bien AZCA. Tout au long de notre parcours chez Ibercenter, nous avons vu comment de nombreuses entreprises font un saut qualitatif en termes de positionnement simplement en s&rsquo;\u00e9tablissant dans ce secteur. Azca n&rsquo;est pas seulement un ensemble de b\u00e2timents embl\u00e9matiques ; c&rsquo;est le c\u0153ur entrepreneurial de Madrid, un environnement o\u00f9 le business se respire \u00e0 chaque coin de rue.<\/p>\n\n\n\n<p>Lorsqu&rsquo;une entreprise <a href=\"https:\/\/ibercenter.com\/fr\/location-de-bureaux-a-madrid\/\">envisage la location de bureaux \u00e0 Madrid<\/a>, l&rsquo;un des premiers facteurs qu&rsquo;elle \u00e9value est l&rsquo;image que projettera son adresse. Et en ce sens, Azca joue dans une autre cat\u00e9gorie. Entour\u00e9 de si\u00e8ges de grandes corporations, d&rsquo;entit\u00e9s financi\u00e8res, de consultants et de multinationales, ce quartier transmet solidit\u00e9, professionnalisme et ambition. Ce n&rsquo;est pas un emplacement neutre : c&rsquo;est une d\u00e9claration d&rsquo;intentions claire. S&rsquo;installer ici implique de faire partie d&rsquo;un \u00e9cosyst\u00e8me o\u00f9 les d\u00e9cisions strat\u00e9giques sont prises quotidiennement.<\/p>\n\n\n\n<p>L&#8217;emplacement est, de plus, extraordinairement pratique. Azca se trouve \u00e0 c\u00f4t\u00e9 de l&rsquo;axe du Paseo de la Castellana et b\u00e9n\u00e9ficie de connexions privil\u00e9gi\u00e9es via le m\u00e9tro, le train de banlieue et les lignes de bus. La proximit\u00e9 de Nuevos Ministerios facilite l&rsquo;acc\u00e8s direct \u00e0 l&rsquo;a\u00e9roport et aux diff\u00e9rents points de la ville, ce qui est particuli\u00e8rement pertinent pour les entreprises ayant des clients nationaux et internationaux. Dans un environnement professionnel o\u00f9 le temps est une ressource critique, cette connectivit\u00e9 apporte un avantage comp\u00e9titif r\u00e9el.<\/p>\n\n\n\n<p>Un autre aspect qui fait d&rsquo;Azca une option strat\u00e9gique est la concentration de l&rsquo;activit\u00e9 B2B. Ici circulent des consultants, des cabinets juridiques, des firmes technologiques, des entreprises \u00e9nerg\u00e9tiques et de grandes corporations. Pour les soci\u00e9t\u00e9s qui travaillent avec d&rsquo;autres entreprises, se trouver dans le m\u00eame noyau o\u00f9 se situent clients ou partenaires potentiels facilite les rencontres et les opportunit\u00e9s qui surgissent naturellement. Le networking ne n\u00e9cessite pas toujours des \u00e9v\u00e9nements formels ; parfois, il suffit de partager le m\u00eame environnement.<\/p>\n\n\n\n<p>Dans ce contexte, la location de bureaux \u00e0 Madrid au sein d&rsquo;Azca acquiert une dimension strat\u00e9gique. Il ne s&rsquo;agit pas uniquement de disposer d&rsquo;un bureau, mais de faire partie d&rsquo;un quartier qui renforce la cr\u00e9dibilit\u00e9 d\u00e8s le premier instant. Lorsqu&rsquo;un client re\u00e7oit une invitation pour se r\u00e9unir \u00e0 Azca, la perception est imm\u00e9diate : professionnalisme, structure, capacit\u00e9. Cette premi\u00e8re impression ouvre souvent des portes avant m\u00eame de s&rsquo;asseoir pour n\u00e9gocier.<\/p>\n\n\n\n<p>De plus, Azca n&rsquo;est pas seulement pertinent pour les bureaux permanents. C&rsquo;est aussi devenu un point cl\u00e9 pour <a href=\"https:\/\/ibercenter.com\/fr\/location-de-salles-a-madrid\/\">la location de salles \u00e0 Madrid<\/a>. Les entreprises qui ont besoin d&rsquo;espaces pour des r\u00e9unions ponctuelles, des formations, des pr\u00e9sentations ou des rencontres avec des investisseurs trouvent ici un environnement parfaitement align\u00e9 avec cet objectif. Une salle bien \u00e9quip\u00e9e en plein quartier financier \u00e9l\u00e8ve le niveau de n&rsquo;importe quelle convocation et transmet une image coh\u00e9rente avec des projets ambitieux.<\/p>\n\n\n\n<p>Chez Ibercenter, nous avons constat\u00e9 que de nombreuses compagnies optent pour des solutions flexibles dans cette zone pr\u00e9cis\u00e9ment pour cette combinaison de prestige et de praticit\u00e9. Pouvoir disposer de bureaux priv\u00e9s, d&rsquo;espaces adapt\u00e9s \u00e0 la croissance et de salles pr\u00eates pour des r\u00e9unions strat\u00e9giques au c\u0153ur financier permet aux entreprises de se concentrer sur leur activit\u00e9 sans assumer de structures rigides.<\/p>\n\n\n\n<p>Un autre \u00e9l\u00e9ment qui renforce l&rsquo;attrait d&rsquo;Azca est son \u00e9volution constante. Loin de rester ancr\u00e9 dans le pass\u00e9, le quartier a modernis\u00e9 ses b\u00e2timents et s&rsquo;est adapt\u00e9 aux nouvelles demandes : espaces plus efficaces, attention accrue \u00e0 la durabilit\u00e9 et services pens\u00e9s pour un entrepreneur exigeant de la flexibilit\u00e9. Cette capacit\u00e9 de transformation assure qu&rsquo;il restera comp\u00e9titif en 2026 et au-del\u00e0.<\/p>\n\n\n\n<p>Il convient \u00e9galement de souligner l&rsquo;\u00e9quilibre entre une activit\u00e9 intense et des services compl\u00e9mentaires. Des restaurants de qualit\u00e9 pour les d\u00e9jeuners d&rsquo;affaires, des h\u00f4tels proches pour les d\u00e9l\u00e9gations internationales, des banques, des salles de sport et toutes sortes de services professionnels sont \u00e0 quelques minutes \u00e0 pied. Cela facilite non seulement la logistique quotidienne, mais contribue \u00e9galement \u00e0 cr\u00e9er un environnement confortable pour les employ\u00e9s et les visiteurs.<\/p>\n\n\n\n<p>Azca est particuli\u00e8rement idoine pour les entreprises qui cherchent \u00e0 consolider leur positionnement ou \u00e0 franchir une \u00e9tape dans leur image de marque. Les PME ayant d\u00e9pass\u00e9 leur phase initiale, les filiales de soci\u00e9t\u00e9s \u00e9trang\u00e8res arrivant \u00e0 Madrid ou les firmes ayant besoin de transmettre leur solvabilit\u00e9 y trouvent un environnement coh\u00e9rent avec leurs objectifs.<\/p>\n\n\n\n<p>En d\u00e9finitive, quand nous parlons d&rsquo;Azca, nous parlons de pure strat\u00e9gie. C&rsquo;est une zone qui ajoute de la r\u00e9putation, facilite les relations professionnelles et optimise l&rsquo;exploitation quotidienne. Pour ceux qui valorisent l&rsquo;environnement autant que l&rsquo;espace lui-m\u00eame, la location de bureaux ou de salles \u00e0 Madrid au sein de ce quartier n&rsquo;est pas seulement une d\u00e9cision pratique ; c&rsquo;est un investissement dans le positionnement et la croissance soutenue.<\/p>\n\n\n\n<h2 class=\"wp-block-heading\">Quartier de Salamanque<\/h2>\n\n\n\n<p>S&rsquo;il y a une zone \u00e0 Madrid qui transmet \u00e9l\u00e9gance, discr\u00e9tion et positionnement premium, c&rsquo;est bien la rue Vel\u00e1zquez, en plein quartier de Salamanca. Ici, le rythme est diff\u00e9rent. Il ne s&rsquo;agit pas du tumulte financier d&rsquo;autres quartiers, mais d&rsquo;une atmosph\u00e8re plus s\u00e9lecte, o\u00f9 l&rsquo;image et le d\u00e9tail comptent. Pour beaucoup d&rsquo;entreprises, s&rsquo;\u00e9tablir dans cette zone n&rsquo;est pas seulement une question d&#8217;emplacement, mais une d\u00e9cision strat\u00e9gique directement li\u00e9e \u00e0 leur marque.<\/p>\n\n\n\n<p>Lorsqu&rsquo;une compagnie analyse la location de bureaux, elle ne cherche pas toujours l&rsquo;environnement le plus corporatif ou le plus fr\u00e9quent\u00e9. Dans certains secteurs \u2014 cabinets professionnels, gestion de patrimoine, firmes juridiques, consultants boutique, entreprises li\u00e9es au luxe ou \u00e0 la gestion de grandes fortunes \u2014 la perception est la cl\u00e9. Vel\u00e1zquez et ses environs projettent exclusivit\u00e9, stabilit\u00e9 et haut niveau. C&rsquo;est une adresse qui parle d&rsquo;elle-m\u00eame, qui communique la solvabilit\u00e9 sans avoir besoin de grands discours.<\/p>\n\n\n\n<p>L&rsquo;exp\u00e9rience client y change. Les r\u00e9unions se d\u00e9roulent dans un environnement plus calme, plus soign\u00e9, plus personnalis\u00e9. La proximit\u00e9 de commerces premium, de restaurants de haut niveau et d&rsquo;h\u00f4tels \u00e9l\u00e9gants permet d&rsquo;organiser des rencontres professionnelles avec un plus de distinction. Ce contexte influence directement la fa\u00e7on dont l&rsquo;entreprise est per\u00e7ue. Parfois, ce n&rsquo;est pas une question de taille, mais de coh\u00e9rence entre ce qui est propos\u00e9 et le lieu d&rsquo;o\u00f9 on le propose.<\/p>\n\n\n\n<p>De plus, le quartier de Salamanca maintient une excellente connectivit\u00e9. Plusieurs lignes de m\u00e9tro, de bonnes connexions routi\u00e8res et la proximit\u00e9 de l&rsquo;axe Castellana permettent de combiner accessibilit\u00e9 et exclusivit\u00e9. C&rsquo;est une zone confortable tant pour les clients nationaux qu&rsquo;internationaux, particuli\u00e8rement ceux qui appr\u00e9cient les environnements plus r\u00e9serv\u00e9s et moins bond\u00e9s.<\/p>\n\n\n\n<p>Dans ce contexte, Vel\u00e1zquez acquiert une signification diff\u00e9rente. Il ne s&rsquo;agit pas seulement de disposer d&rsquo;un bureau fonctionnel, mais de s&rsquo;int\u00e9grer dans un environnement qui renforce la proposition de valeur de l&rsquo;entreprise. Beaucoup de soci\u00e9t\u00e9s qui s&rsquo;installent ici recherchent pr\u00e9cis\u00e9ment cela : un emplacement align\u00e9 avec leur positionnement premium et qui apporte de la coh\u00e9rence \u00e0 leur identit\u00e9 corporative.<\/p>\n\n\n\n<p>La location de salles prend \u00e9galement une importance particuli\u00e8re dans cette zone. Pour des r\u00e9unions avec des clients strat\u00e9giques, des rencontres confidentielles ou des pr\u00e9sentations de haut niveau, disposer d&rsquo;une salle en plein quartier de Salamanca \u00e9l\u00e8ve automatiquement l&rsquo;exp\u00e9rience. Le calme de l&rsquo;environnement, la qualit\u00e9 des b\u00e2timents et l&rsquo;atmosph\u00e8re professionnelle permettent de mener des r\u00e9unions avec plus de concentration et d&rsquo;intimit\u00e9, ce que certains secteurs appr\u00e9cient \u00e9norm\u00e9ment.<\/p>\n\n\n\n<p>D&rsquo;apr\u00e8s notre exp\u00e9rience chez Ibercenter, nous avons constat\u00e9 que Vel\u00e1zquez est un choix habituel pour les entreprises qui privil\u00e9gient la qualit\u00e9 sur la quantit\u00e9. Des firmes qui n&rsquo;ont pas besoin de grandes structures, mais d&rsquo;un environnement qui renforce leur prestige. Des professionnels qui comprennent que l&rsquo;adresse fait partie de leur marque et que chaque d\u00e9tail compte dans la construction de la confiance.<\/p>\n\n\n\n<p>Un autre aspect pertinent est la stabilit\u00e9 de la zone. Contrairement \u00e0 des secteurs plus volatils ou en pleine transformation, le quartier de Salamanca maintient un positionnement solide et constant dans le temps. Cela apporte une s\u00e9curit\u00e9 \u00e0 moyen et long terme. La perception de valeur ne d\u00e9pend pas de tendances passag\u00e8res ; elle est consolid\u00e9e depuis des d\u00e9cennies.<\/p>\n\n\n\n<p>De m\u00eame, l&rsquo;environnement professionnel est s\u00e9lect et bien d\u00e9fini. Cabinets d&rsquo;avocats, cliniques priv\u00e9es, consultants sp\u00e9cialis\u00e9s, bureaux de repr\u00e9sentation et soci\u00e9t\u00e9s de gestion de patrimoine cohabitent dans un \u00e9cosyst\u00e8me qui favorise des relations professionnelles de qualit\u00e9. Ici, le networking n&rsquo;est pas massif, il est strat\u00e9gique. Les connexions qui se g\u00e9n\u00e8rent sont souvent plus discr\u00e8tes, mais aussi plus consistantes.<\/p>\n\n\n\n<p>Vel\u00e1zquez n&rsquo;est pas fait pour toutes les entreprises, et c&rsquo;est pr\u00e9cis\u00e9ment l\u00e0 que r\u00e9side une partie de son attrait. C&rsquo;est un emplacement pens\u00e9 pour des projets qui cherchent \u00e0 se diff\u00e9rencier par la sobri\u00e9t\u00e9 et l&rsquo;\u00e9l\u00e9gance. Pour les compagnies qui comprennent que l&rsquo;image n&rsquo;est pas de l&rsquo;ostentation, mais de la coh\u00e9rence.<\/p>\n\n\n\n<p>En 2026, elle restera l&rsquo;une des zones les plus demand\u00e9es par les entreprises qui valorisent le positionnement et l&rsquo;exp\u00e9rience client avant tout. Et pour ceux qui analysent la location de bureaux ou de salles \u00e0 Madrid avec une approche strat\u00e9gique et orient\u00e9e marque, Vel\u00e1zquez repr\u00e9sente une option solide, stable et align\u00e9e sur des projets de haut niveau.<\/p>\n\n\n\n<h2 class=\"wp-block-heading\">Erreurs courantes lors du choix de l&#8217;emplacement<\/h2>\n\n\n\n<p>Choisir l&#8217;emplacement d&rsquo;une entreprise est l&rsquo;une de ces d\u00e9cisions qui semblent simples sur le papier, mais qui peuvent conditionner la croissance pendant des ann\u00e9es. Au cours de notre exp\u00e9rience chez Ibercenter, nous avons vu des r\u00e9ussites tr\u00e8s strat\u00e9giques&#8230; et aussi des erreurs qui, avec le temps, finissent par co\u00fbter cher. Le plus inqui\u00e9tant est que beaucoup d&rsquo;entre elles se r\u00e9p\u00e8tent.<\/p>\n\n\n\n<p>L&rsquo;une des fautes les plus habituelles est de <strong>donner la priorit\u00e9 uniquement au prix<\/strong>. C&rsquo;est compr\u00e9hensible : tout entrepreneur veut optimiser ses co\u00fbts. Mais quand la d\u00e9cision repose uniquement sur le fait de payer moins cher le m\u00e8tre carr\u00e9, sans analyser l&rsquo;impact de cette adresse sur l&rsquo;image, sur l&rsquo;acquisition de clients ou sur le confort de l&rsquo;\u00e9quipe, l&rsquo;\u00e9conomie initiale peut devenir une limitation structurelle. Un emplacement peu strat\u00e9gique peut rendre les r\u00e9unions difficiles, nuire \u00e0 la visibilit\u00e9 ou transmettre une perception qui ne correspond pas au positionnement de l&rsquo;entreprise.<\/p>\n\n\n\n<p>Une autre erreur fr\u00e9quente est de <strong>ne pas penser \u00e0 l&rsquo;\u00e9volution du business<\/strong>. Beaucoup de compagnies choisissent un espace pour couvrir leur situation actuelle, sans \u00e9valuer o\u00f9 elles en seront dans un ou deux ans. Si l&rsquo;\u00e9quipe grandit, si les r\u00e9unions en pr\u00e9sentiel augmentent ou si l&rsquo;on a besoin de plus de repr\u00e9sentativit\u00e9, changer d&#8217;emplacement trop t\u00f4t peut g\u00e9n\u00e9rer des co\u00fbts inutiles et une perte de stabilit\u00e9. L&rsquo;adresse doit accompagner l&rsquo;ambition et le plan de croissance.<\/p>\n\n\n\n<p>Nous voyons aussi des entreprises qui <strong>n&rsquo;analysent pas la connectivit\u00e9 r\u00e9elle<\/strong>. Sur une carte, beaucoup de zones semblent bien situ\u00e9es, mais l&rsquo;exp\u00e9rience quotidienne peut \u00eatre diff\u00e9rente. L&rsquo;absence de lignes de transport directes, les difficult\u00e9s d&rsquo;acc\u00e8s en voiture ou la raret\u00e9 des parkings peuvent affecter aussi bien les employ\u00e9s que les clients. Lorsqu&rsquo;une r\u00e9union commence avec des retards ou des complications logistiques, l&rsquo;exp\u00e9rience n&rsquo;est pas la meilleure.<\/p>\n\n\n\n<p>Une erreur particuli\u00e8rement pertinente est de <strong>ne pas tenir compte de la perception de marque<\/strong>. L&rsquo;adresse communique. Elle appara\u00eet sur le site web, dans les propositions commerciales, dans la signature des courriels. Et chaque fois qu&rsquo;un client la voit, il se construit une id\u00e9e de l&rsquo;entreprise. Si l&rsquo;environnement n&rsquo;est pas align\u00e9 sur le niveau de service ou le positionnement que l&rsquo;on souhaite transmettre, une incoh\u00e9rence se cr\u00e9e, ce qui nuit \u00e0 la cr\u00e9dibilit\u00e9. Il ne s&rsquo;agit pas de chercher la zone la plus exclusive, mais celle qui correspond le mieux \u00e0 l&rsquo;identit\u00e9 de l&rsquo;entreprise.<\/p>\n\n\n\n<p>Un autre \u00e9chec commun est de <strong>sous-estimer l&rsquo;environnement professionnel<\/strong>. S&rsquo;installer dans une zone isol\u00e9e, sans tissu corporatif autour, peut limiter les opportunit\u00e9s de collaboration et de networking. Les entreprises ne croissent pas en solitaire. Partager un environnement avec d&rsquo;autres compagnies g\u00e9n\u00e8re des synergies, des contacts et des possibilit\u00e9s qui surgissent souvent naturellement. Choisir une zone avec une vie commerciale active, c&rsquo;est choisir un \u00e9cosyst\u00e8me qui booste.<\/p>\n\n\n\n<p>Il ne faut pas non plus oublier l&rsquo;importance des <strong>services compl\u00e9mentaires<\/strong>. Des restaurants adapt\u00e9s pour les d\u00e9jeuners d&rsquo;affaires, des h\u00f4tels proches pour les clients internationaux, des banques, des notaires ou m\u00eame des salles de sport et des commerces influencent le confort au quotidien. Quand tout est \u00e0 port\u00e9e de main, l&rsquo;exploitation est plus fluide. Quand chaque d\u00e9marche implique de longs d\u00e9placements, l&rsquo;efficacit\u00e9 en p\u00e2tit.<\/p>\n\n\n\n<p>Enfin, l&rsquo;une des erreurs les plus strat\u00e9giques est de <strong>signer des engagements rigides sans valoriser la flexibilit\u00e9<\/strong>. Le march\u00e9 actuel exige de l&rsquo;adaptation. \u00c9quipes hybrides, projets temporaires, croissance variable&#8230; L&#8217;emplacement doit permettre des ajustements sans devenir un fardeau. Parier sur des solutions trop ferm\u00e9es peut limiter la capacit\u00e9 de r\u00e9action face aux changements du march\u00e9.<\/p>\n\n\n\n<p>En d\u00e9finitive, choisir l&#8217;emplacement n&rsquo;est pas une d\u00e9cision purement immobili\u00e8re ; c&rsquo;est une d\u00e9cision d&rsquo;entreprise. Cela implique d&rsquo;analyser les co\u00fbts, certes, mais aussi l&rsquo;image, la projection, l&rsquo;environnement et la croissance. D&rsquo;apr\u00e8s notre exp\u00e9rience, quand le choix est fait avec une vision strat\u00e9gique, l&rsquo;adresse devient un actif qui booste l&rsquo;activit\u00e9. Quand il est pris dans l&rsquo;urgence ou avec une approche trop courte, il peut devenir une barri\u00e8re silencieuse.<\/p>\n\n\n\n<p>La bonne nouvelle est qu&rsquo;\u00e9viter ces erreurs est possible si l&rsquo;on analyse l&#8217;emplacement avec le m\u00eame s\u00e9rieux que n&rsquo;importe quel autre investissement cl\u00e9 pour l&rsquo;entreprise. Parce que l&rsquo;adresse ad\u00e9quate ne se contente pas d&rsquo;h\u00e9berger votre activit\u00e9 ; elle renforce votre marque et facilite votre croissance.<\/p>\n\n\n\n<h2 class=\"wp-block-heading\">Conclusion<\/h2>\n\n\n\n<p>Choisir l&#8217;emplacement ad\u00e9quat \u00e0 Madrid en 2026 n&rsquo;est pas une question d&rsquo;intuition ni de prestige isol\u00e9 ; c&rsquo;est une d\u00e9cision strat\u00e9gique qui influe sur l&rsquo;image, sur l&rsquo;exploitation et sur la capacit\u00e9 de croissance de n&rsquo;importe quelle entreprise. La bonne zone peut faciliter les opportunit\u00e9s, renforcer la cr\u00e9dibilit\u00e9 et simplifier le quotidien. La mauvaise, en revanche, peut limiter le potentiel sans que l&rsquo;on s&rsquo;en aper\u00e7oive au d\u00e9but.<\/p>\n\n\n\n<p>Chez Ibercenter, nous accompagnons les entrepreneurs dans ce processus depuis plus de 30 ans. Nous savons que toutes les entreprises n&rsquo;ont pas les m\u00eames besoins, mais toutes ont besoin d&rsquo;un emplacement coh\u00e9rent avec leur vision. Parce que quand l&rsquo;environnement correspond \u00e0 la strat\u00e9gie, le business avance avec plus de solidit\u00e9. Et c&rsquo;est l\u00e0 qu&rsquo;une bonne d\u00e9cision fait toute la diff\u00e9rence.<\/p>\n","protected":false},"excerpt":{"rendered":"<p>D\u00e9couvrez les zones strat\u00e9giques pour implanter une entreprise \u00e0 Madrid Que doit comporter une zone strat\u00e9gique ? En 2026, choisir [&hellip;]<\/p>\n","protected":false},"author":3,"featured_media":38987,"comment_status":"closed","ping_status":"closed","sticky":false,"template":"","format":"standard","meta":{"site-sidebar-layout":"default","site-content-layout":"","ast-site-content-layout":"default","site-content-style":"default","site-sidebar-style":"default","ast-global-header-display":"","ast-banner-title-visibility":"","ast-main-header-display":"","ast-hfb-above-header-display":"","ast-hfb-below-header-display":"","ast-hfb-mobile-header-display":"","site-post-title":"","ast-breadcrumbs-content":"","ast-featured-img":"disabled","footer-sml-layout":"","ast-disable-related-posts":"","theme-transparent-header-meta":"","adv-header-id-meta":"","stick-header-meta":"","header-above-stick-meta":"","header-main-stick-meta":"","header-below-stick-meta":"","astra-migrate-meta-layouts":"default","ast-page-background-enabled":"default","ast-page-background-meta":{"desktop":{"background-color":"var(--ast-global-color-5)","background-image":"","background-repeat":"repeat","background-position":"center center","background-size":"auto","background-attachment":"scroll","background-type":"","background-media":"","overlay-type":"","overlay-color":"","overlay-opacity":"","overlay-gradient":""},"tablet":{"background-color":"","background-image":"","background-repeat":"repeat","background-position":"center center","background-size":"auto","background-attachment":"scroll","background-type":"","background-media":"","overlay-type":"","overlay-color":"","overlay-opacity":"","overlay-gradient":""},"mobile":{"background-color":"","background-image":"","background-repeat":"repeat","background-position":"center center","background-size":"auto","background-attachment":"scroll","background-type":"","background-media":"","overlay-type":"","overlay-color":"","overlay-opacity":"","overlay-gradient":""}},"ast-content-background-meta":{"desktop":{"background-color":"var(--ast-global-color-4)","background-image":"","background-repeat":"repeat","background-position":"center center","background-size":"auto","background-attachment":"scroll","background-type":"","background-media":"","overlay-type":"","overlay-color":"","overlay-opacity":"","overlay-gradient":""},"tablet":{"background-color":"var(--ast-global-color-4)","background-image":"","background-repeat":"repeat","background-position":"center center","background-size":"auto","background-attachment":"scroll","background-type":"","background-media":"","overlay-type":"","overlay-color":"","overlay-opacity":"","overlay-gradient":""},"mobile":{"background-color":"var(--ast-global-color-4)","background-image":"","background-repeat":"repeat","background-position":"center center","background-size":"auto","background-attachment":"scroll","background-type":"","background-media":"","overlay-type":"","overlay-color":"","overlay-opacity":"","overlay-gradient":""}},"_joinchat":[],"footnotes":""},"categories":[231],"tags":[],"class_list":["post-41714","post","type-post","status-publish","format-standard","has-post-thumbnail","hentry","category-frances"],"_links":{"self":[{"href":"https:\/\/ibercenter.com\/fr\/wp-json\/wp\/v2\/posts\/41714","targetHints":{"allow":["GET"]}}],"collection":[{"href":"https:\/\/ibercenter.com\/fr\/wp-json\/wp\/v2\/posts"}],"about":[{"href":"https:\/\/ibercenter.com\/fr\/wp-json\/wp\/v2\/types\/post"}],"author":[{"embeddable":true,"href":"https:\/\/ibercenter.com\/fr\/wp-json\/wp\/v2\/users\/3"}],"replies":[{"embeddable":true,"href":"https:\/\/ibercenter.com\/fr\/wp-json\/wp\/v2\/comments?post=41714"}],"version-history":[{"count":0,"href":"https:\/\/ibercenter.com\/fr\/wp-json\/wp\/v2\/posts\/41714\/revisions"}],"wp:featuredmedia":[{"embeddable":true,"href":"https:\/\/ibercenter.com\/fr\/wp-json\/wp\/v2\/media\/38987"}],"wp:attachment":[{"href":"https:\/\/ibercenter.com\/fr\/wp-json\/wp\/v2\/media?parent=41714"}],"wp:term":[{"taxonomy":"category","embeddable":true,"href":"https:\/\/ibercenter.com\/fr\/wp-json\/wp\/v2\/categories?post=41714"},{"taxonomy":"post_tag","embeddable":true,"href":"https:\/\/ibercenter.com\/fr\/wp-json\/wp\/v2\/tags?post=41714"}],"curies":[{"name":"wp","href":"https:\/\/api.w.org\/{rel}","templated":true}]}}